{"id":2125,"date":"2026-01-23T02:48:45","date_gmt":"2026-01-23T02:48:45","guid":{"rendered":"https:\/\/tangoargentina.com.ar\/?p=2125"},"modified":"2026-01-23T02:51:30","modified_gmt":"2026-01-23T02:51:30","slug":"carlos-gardel-el-icono-inmortal-del-tango","status":"publish","type":"post","link":"https:\/\/tangoargentina.com.ar\/en\/carlos-gardel-el-icono-inmortal-del-tango\/","title":{"rendered":"Carlos Gardel: el \u00edcono inmortal del tango"},"content":{"rendered":"<div data-elementor-type=\"wp-post\" data-elementor-id=\"2125\" class=\"elementor elementor-2125\">\n\t\t\t\t<div class=\"elementor-element elementor-element-534233f e-flex e-con-boxed e-con e-parent\" data-id=\"534233f\" data-element_type=\"container\" data-e-type=\"container\">\n\t\t\t\t\t<div class=\"e-con-inner\">\n\t\t\t\t<div class=\"elementor-element elementor-element-206a0b8 elementor-widget elementor-widget-text-editor\" data-id=\"206a0b8\" data-element_type=\"widget\" data-e-type=\"widget\" data-widget_type=\"text-editor.default\">\n\t\t\t\t<div class=\"elementor-widget-container\">\n\t\t\t\t\t\t\t\t\t<p data-start=\"262\" data-end=\"521\">Hablar de tango es hablar de <strong data-start=\"291\" data-end=\"308\">Carlos Gardel<\/strong>.<br data-start=\"309\" data-end=\"312\" \/>Su voz, su imagen y su historia est\u00e1n profundamente ligadas a Buenos Aires y al nacimiento del tango como fen\u00f3meno mundial. Para muchos turistas, conocer a Gardel es <strong data-start=\"478\" data-end=\"520\">comprender el alma del tango argentino<\/strong>.<\/p><hr data-start=\"523\" data-end=\"526\" \/><h2 data-start=\"528\" data-end=\"556\">\u00bfQui\u00e9n fue Carlos Gardel?<\/h2><p data-start=\"558\" data-end=\"788\">Carlos Gardel fue el cantante que llev\u00f3 el tango desde los barrios porte\u00f1os hasta los grandes escenarios del mundo.<br data-start=\"673\" data-end=\"676\" \/>Con su voz inconfundible y su estilo elegante, transform\u00f3 al tango en una m\u00fasica popular, emocional y universal.<\/p><p data-start=\"790\" data-end=\"860\">Todav\u00eda hoy, en Buenos Aires, se escucha una frase que lo resume todo:<\/p><blockquote data-start=\"861\" data-end=\"895\"><p data-start=\"863\" data-end=\"895\"><em data-start=\"863\" data-end=\"895\">\u201cGardel canta cada d\u00eda mejor.\u201d<\/em><\/p><\/blockquote><hr data-start=\"897\" data-end=\"900\" \/><h2 data-start=\"902\" data-end=\"947\">Gardel y Buenos Aires: una relaci\u00f3n eterna<\/h2><p data-start=\"949\" data-end=\"1021\">Buenos Aires no ser\u00eda la misma sin Gardel.<br data-start=\"991\" data-end=\"994\" \/>Su figura est\u00e1 presente en:<\/p><ul data-start=\"1022\" data-end=\"1119\"><li data-start=\"1022\" data-end=\"1033\"><p data-start=\"1024\" data-end=\"1033\">Murales<\/p><\/li><li data-start=\"1034\" data-end=\"1048\"><p data-start=\"1036\" data-end=\"1048\">Esculturas<\/p><\/li><li data-start=\"1049\" data-end=\"1069\"><p data-start=\"1051\" data-end=\"1069\">Bares hist\u00f3ricos<\/p><\/li><li data-start=\"1070\" data-end=\"1089\"><p data-start=\"1072\" data-end=\"1089\">Letras de tango<\/p><\/li><li data-start=\"1090\" data-end=\"1119\"><p data-start=\"1092\" data-end=\"1119\">Conversaciones cotidianas<\/p><\/li><\/ul><p data-start=\"1121\" data-end=\"1208\">Para los porte\u00f1os, Gardel no es solo un artista: es <strong data-start=\"1173\" data-end=\"1207\">parte de la identidad cultural<\/strong>.<\/p><hr data-start=\"1210\" data-end=\"1213\" \/><h2 data-start=\"1215\" data-end=\"1252\">La voz que llev\u00f3 el tango al mundo<\/h2><p data-start=\"1254\" data-end=\"1340\">Antes de Gardel, el tango era principalmente instrumental y local.<br data-start=\"1320\" data-end=\"1323\" \/>Con \u00e9l, el tango:<\/p><ul data-start=\"1341\" data-end=\"1479\"><li data-start=\"1341\" data-end=\"1362\"><p data-start=\"1343\" data-end=\"1362\">Se volvi\u00f3 canci\u00f3n<\/p><\/li><li data-start=\"1363\" data-end=\"1402\"><p data-start=\"1365\" data-end=\"1402\">Cont\u00f3 historias de amor y nostalgia<\/p><\/li><li data-start=\"1403\" data-end=\"1438\"><p data-start=\"1405\" data-end=\"1438\">Lleg\u00f3 a Europa y Estados Unidos<\/p><\/li><li data-start=\"1439\" data-end=\"1479\"><p data-start=\"1441\" data-end=\"1479\">Se convirti\u00f3 en s\u00edmbolo de Argentina<\/p><\/li><\/ul><p data-start=\"1481\" data-end=\"1532\">Su voz permiti\u00f3 que el tango <strong data-start=\"1510\" data-end=\"1531\">cruzara fronteras<\/strong>.<\/p><hr data-start=\"1534\" data-end=\"1537\" \/><h2 data-start=\"1539\" data-end=\"1565\">Qu\u00e9 hace \u00fanico a Gardel<\/h2><p data-start=\"1567\" data-end=\"1617\">Gardel no solo cantaba bien.<br data-start=\"1595\" data-end=\"1598\" \/>Transmit\u00eda emoci\u00f3n.<\/p><p data-start=\"1619\" data-end=\"1650\">Su estilo se caracterizaba por:<\/p><ul data-start=\"1651\" data-end=\"1747\"><li data-start=\"1651\" data-end=\"1675\"><p data-start=\"1653\" data-end=\"1675\">Voz profunda y clara<\/p><\/li><li data-start=\"1676\" data-end=\"1702\"><p data-start=\"1678\" data-end=\"1702\">Interpretaci\u00f3n sentida<\/p><\/li><li data-start=\"1703\" data-end=\"1724\"><p data-start=\"1705\" data-end=\"1724\">Elegancia natural<\/p><\/li><li data-start=\"1725\" data-end=\"1747\"><p data-start=\"1727\" data-end=\"1747\">Presencia esc\u00e9nica<\/p><\/li><\/ul><p data-start=\"1749\" data-end=\"1821\">Incluso hoy, muchos turistas se emocionan al escucharlo por primera vez.<\/p><hr data-start=\"1823\" data-end=\"1826\" \/><h2 data-start=\"1828\" data-end=\"1862\">Gardel y el tango para turistas<\/h2><p data-start=\"1864\" data-end=\"1945\">Aunque no conozcas el tango, Gardel se entiende igual.<br data-start=\"1918\" data-end=\"1921\" \/>Sus canciones hablan de:<\/p><ul data-start=\"1946\" data-end=\"1994\"><li data-start=\"1946\" data-end=\"1954\"><p data-start=\"1948\" data-end=\"1954\">Amor<\/p><\/li><li data-start=\"1955\" data-end=\"1969\"><p data-start=\"1957\" data-end=\"1969\">Desarraigo<\/p><\/li><li data-start=\"1970\" data-end=\"1983\"><p data-start=\"1972\" data-end=\"1983\">Recuerdos<\/p><\/li><li data-start=\"1984\" data-end=\"1994\"><p data-start=\"1986\" data-end=\"1994\">Pasi\u00f3n<\/p><\/li><\/ul><p data-start=\"1996\" data-end=\"2084\">Temas universales que cualquier viajero puede sentir, incluso sin entender cada palabra.<\/p><hr data-start=\"2086\" data-end=\"2089\" \/><h2 data-start=\"2091\" data-end=\"2134\">D\u00f3nde encontrar a Gardel en Buenos Aires<\/h2><p data-start=\"2136\" data-end=\"2186\">Si te interesa conocer m\u00e1s sobre su figura, pod\u00e9s:<\/p><ul data-start=\"2187\" data-end=\"2336\"><li data-start=\"2187\" data-end=\"2229\"><p data-start=\"2189\" data-end=\"2229\">Visitar barrios hist\u00f3ricos como Abasto<\/p><\/li><li data-start=\"2230\" data-end=\"2257\"><p data-start=\"2232\" data-end=\"2257\">Ver murales y homenajes<\/p><\/li><li data-start=\"2258\" data-end=\"2292\"><p data-start=\"2260\" data-end=\"2292\">Escuchar su m\u00fasica en milongas<\/p><\/li><li data-start=\"2293\" data-end=\"2336\"><p data-start=\"2295\" data-end=\"2336\">Encontrar referencias en shows de tango<\/p><\/li><\/ul><p data-start=\"2338\" data-end=\"2396\">Gardel sigue <strong data-start=\"2351\" data-end=\"2395\">muy presente en la vida cultural porte\u00f1a<\/strong>.<\/p><hr data-start=\"2398\" data-end=\"2401\" \/><h2 data-start=\"2403\" data-end=\"2430\">Gardel hoy: un mito vivo<\/h2><p data-start=\"2432\" data-end=\"2464\">M\u00e1s de un siglo despu\u00e9s, Gardel:<\/p><ul data-start=\"2465\" data-end=\"2615\"><li data-start=\"2465\" data-end=\"2507\"><p data-start=\"2467\" data-end=\"2507\">Sigue sonando en radios y espect\u00e1culos<\/p><\/li><li data-start=\"2508\" data-end=\"2544\"><p data-start=\"2510\" data-end=\"2544\">Es referencia obligada del tango<\/p><\/li><li data-start=\"2545\" data-end=\"2585\"><p data-start=\"2547\" data-end=\"2585\">Representa la edad dorada del g\u00e9nero<\/p><\/li><li data-start=\"2586\" data-end=\"2615\"><p data-start=\"2588\" data-end=\"2615\">Conecta pasado y presente<\/p><\/li><\/ul><p data-start=\"2617\" data-end=\"2654\">Por eso se lo considera <strong data-start=\"2641\" data-end=\"2653\">inmortal<\/strong>.<\/p><hr data-start=\"2656\" data-end=\"2659\" \/><h2 data-start=\"2661\" data-end=\"2712\">Conocer a Gardel mejora la experiencia del tango<\/h2><p data-start=\"2714\" data-end=\"2744\">Cuando sab\u00e9s qui\u00e9n fue Gardel:<\/p><ul data-start=\"2745\" data-end=\"2840\"><li data-start=\"2745\" data-end=\"2774\"><p data-start=\"2747\" data-end=\"2774\">Entend\u00e9s mejor las letras<\/p><\/li><li data-start=\"2775\" data-end=\"2799\"><p data-start=\"2777\" data-end=\"2799\">Sent\u00eds m\u00e1s la m\u00fasica<\/p><\/li><li data-start=\"2800\" data-end=\"2840\"><p data-start=\"2802\" data-end=\"2840\">Viv\u00eds el tango con mayor profundidad<\/p><\/li><\/ul><p data-start=\"2842\" data-end=\"2889\">No es solo historia: es <strong data-start=\"2866\" data-end=\"2888\">contexto emocional<\/strong>.<\/p><hr data-start=\"2891\" data-end=\"2894\" \/><h2 data-start=\"2896\" data-end=\"2938\">Viv\u00ed el tango de Gardel en Buenos Aires<\/h2><p data-start=\"2940\" data-end=\"3106\">En <strong data-start=\"2943\" data-end=\"2962\">Tango Argentina<\/strong> te ayudamos a conectar con la historia viva del tango, combinando cultura, m\u00fasica y experiencias aut\u00e9nticas pensadas para turistas extranjeros.<\/p><p data-start=\"3108\" data-end=\"3216\">\u2714 Clases de tango<br data-start=\"3125\" data-end=\"3128\" \/>\u2714 Shows con m\u00fasica en vivo<br data-start=\"3154\" data-end=\"3157\" \/>\u2714 Experiencias culturales<br data-start=\"3182\" data-end=\"3185\" \/>\u2714 Tango con identidad porte\u00f1a<\/p><p data-start=\"3218\" data-end=\"3299\">\ud83d\udc49 <strong data-start=\"3221\" data-end=\"3264\">Viv\u00ed el tango aut\u00e9ntico en Buenos Aires<\/strong><br data-start=\"3264\" data-end=\"3267\" \/>\ud83c\udf10 <a class=\"decorated-link\" href=\"https:\/\/tangoargentina.com.ar\/en\/\" target=\"_new\" rel=\"noopener\" data-start=\"3270\" data-end=\"3299\">https:\/\/tangoargentina.com.ar<\/a><\/p>\t\t\t\t\t\t\t\t<\/div>\n\t\t\t\t<\/div>\n\t\t\t\t\t<\/div>\n\t\t\t\t<\/div>\n\t\t\t\t<\/div>","protected":false},"excerpt":{"rendered":"<p>Hablar de tango es hablar de Carlos Gardel.Su voz, su imagen y su historia est\u00e1n profundamente ligadas a Buenos Aires y al nacimiento del tango como fen\u00f3meno mundial. Para muchos turistas, conocer a Gardel es comprender el alma del tango argentino. \u00bfQui\u00e9n fue Carlos Gardel? Carlos Gardel fue el cantante que llev\u00f3 el tango desde [&hellip;]<\/p>\n","protected":false},"author":1,"featured_media":2134,"comment_status":"closed","ping_status":"open","sticky":false,"template":"","format":"standard","meta":{"nf_dc_page":"","om_disable_all_campaigns":false,"pagelayer_contact_templates":[],"_pagelayer_content":"","site-sidebar-layout":"default","site-content-layout":"","ast-site-content-layout":"default","site-content-style":"default","site-sidebar-style":"default","ast-global-header-display":"","ast-banner-title-visibility":"","ast-main-header-display":"","ast-hfb-above-header-display":"","ast-hfb-below-header-display":"","ast-hfb-mobile-header-display":"","site-post-title":"","ast-breadcrumbs-content":"","ast-featured-img":"","footer-sml-layout":"","ast-disable-related-posts":"","theme-transparent-header-meta":"","adv-header-id-meta":"","stick-header-meta":"","header-above-stick-meta":"","header-main-stick-meta":"","header-below-stick-meta":"","astra-migrate-meta-layouts":"default","ast-page-background-enabled":"default","ast-page-background-meta":{"desktop":{"background-color":"var(--ast-global-color-4)","background-image":"","background-repeat":"repeat","background-position":"center center","background-size":"auto","background-attachment":"scroll","background-type":"","background-media":"","overlay-type":"","overlay-color":"","overlay-opacity":"","overlay-gradient":""},"tablet":{"background-color":"","background-image":"","background-repeat":"repeat","background-position":"center center","background-size":"auto","background-attachment":"scroll","background-type":"","background-media":"","overlay-type":"","overlay-color":"","overlay-opacity":"","overlay-gradient":""},"mobile":{"background-color":"","background-image":"","background-repeat":"repeat","background-position":"center center","background-size":"auto","background-attachment":"scroll","background-type":"","background-media":"","overlay-type":"","overlay-color":"","overlay-opacity":"","overlay-gradient":""}},"ast-content-background-meta":{"desktop":{"background-color":"var(--ast-global-color-5)","background-image":"","background-repeat":"repeat","background-position":"center center","background-size":"auto","background-attachment":"scroll","background-type":"","background-media":"","overlay-type":"","overlay-color":"","overlay-opacity":"","overlay-gradient":""},"tablet":{"background-color":"var(--ast-global-color-5)","background-image":"","background-repeat":"repeat","background-position":"center center","background-size":"auto","background-attachment":"scroll","background-type":"","background-media":"","overlay-type":"","overlay-color":"","overlay-opacity":"","overlay-gradient":""},"mobile":{"background-color":"var(--ast-global-color-5)","background-image":"","background-repeat":"repeat","background-position":"center center","background-size":"auto","background-attachment":"scroll","background-type":"","background-media":"","overlay-type":"","overlay-color":"","overlay-opacity":"","overlay-gradient":""}},"_jetpack_memberships_contains_paid_content":false,"_joinchat":[],"footnotes":""},"categories":[1],"tags":[],"class_list":["post-2125","post","type-post","status-publish","format-standard","has-post-thumbnail","hentry","category-uncategorized"],"yoast_head":"<!-- This site is optimized with the Yoast SEO plugin v27.5 - https:\/\/yoast.com\/product\/yoast-seo-wordpress\/ -->\n<title>Carlos Gardel: el \u00edcono inmortal del tango - Tango Argentina<\/title>\n<meta name=\"description\" content=\"Descubr\u00ed qui\u00e9n fue Carlos Gardel y por qu\u00e9 es el \u00edcono inmortal del tango argentino. Historia y cultura del tango en Buenos Aires.\" \/>\n<meta name=\"robots\" content=\"index, follow, max-snippet:-1, max-image-preview:large, max-video-preview:-1\" \/>\n<link rel=\"canonical\" href=\"https:\/\/tangoargentina.com.ar\/en\/carlos-gardel-el-icono-inmortal-del-tango\/\" \/>\n<meta property=\"og:locale\" content=\"en_US\" \/>\n<meta property=\"og:type\" content=\"article\" \/>\n<meta property=\"og:title\" content=\"Carlos Gardel: el \u00edcono inmortal del tango - Tango Argentina\" \/>\n<meta property=\"og:description\" content=\"Descubr\u00ed qui\u00e9n fue Carlos Gardel y por qu\u00e9 es el \u00edcono inmortal del tango argentino. Historia y cultura del tango en Buenos Aires.\" \/>\n<meta property=\"og:url\" content=\"https:\/\/tangoargentina.com.ar\/en\/carlos-gardel-el-icono-inmortal-del-tango\/\" \/>\n<meta property=\"og:site_name\" content=\"Tango Argentina\" \/>\n<meta property=\"article:published_time\" content=\"2026-01-23T02:48:45+00:00\" \/>\n<meta property=\"article:modified_time\" content=\"2026-01-23T02:51:30+00:00\" \/>\n<meta property=\"og:image\" content=\"https:\/\/tangoargentina.com.ar\/wp-content\/uploads\/2026\/01\/Carlos-Gardel-el-icono-inmortal-del-tango-argentino-tangoargentina.webp\" \/>\n\t<meta property=\"og:image:width\" content=\"1200\" \/>\n\t<meta property=\"og:image:height\" content=\"628\" \/>\n\t<meta property=\"og:image:type\" content=\"image\/webp\" \/>\n<meta name=\"author\" content=\"admin\" \/>\n<meta name=\"twitter:card\" content=\"summary_large_image\" \/>\n<meta name=\"twitter:label1\" content=\"Written by\" \/>\n\t<meta name=\"twitter:data1\" content=\"admin\" \/>\n\t<meta name=\"twitter:label2\" content=\"Est. reading time\" \/>\n\t<meta name=\"twitter:data2\" content=\"3 minutes\" \/>\n<script type=\"application\/ld+json\" class=\"yoast-schema-graph\">{\"@context\":\"https:\\\/\\\/schema.org\",\"@graph\":[{\"@type\":\"Article\",\"@id\":\"https:\\\/\\\/tangoargentina.com.ar\\\/carlos-gardel-el-icono-inmortal-del-tango\\\/#article\",\"isPartOf\":{\"@id\":\"https:\\\/\\\/tangoargentina.com.ar\\\/carlos-gardel-el-icono-inmortal-del-tango\\\/\"},\"author\":{\"name\":\"admin\",\"@id\":\"https:\\\/\\\/tangoargentina.com.ar\\\/#\\\/schema\\\/person\\\/2bfc397a94cd976b579b0bd0a294028b\"},\"headline\":\"Carlos Gardel: el \u00edcono inmortal del tango\",\"datePublished\":\"2026-01-23T02:48:45+00:00\",\"dateModified\":\"2026-01-23T02:51:30+00:00\",\"mainEntityOfPage\":{\"@id\":\"https:\\\/\\\/tangoargentina.com.ar\\\/carlos-gardel-el-icono-inmortal-del-tango\\\/\"},\"wordCount\":489,\"publisher\":{\"@id\":\"https:\\\/\\\/tangoargentina.com.ar\\\/#organization\"},\"image\":{\"@id\":\"https:\\\/\\\/tangoargentina.com.ar\\\/carlos-gardel-el-icono-inmortal-del-tango\\\/#primaryimage\"},\"thumbnailUrl\":\"https:\\\/\\\/i0.wp.com\\\/tangoargentina.com.ar\\\/wp-content\\\/uploads\\\/2026\\\/01\\\/Carlos-Gardel-el-icono-inmortal-del-tango-argentino-tangoargentina.webp?fit=1200%2C628&ssl=1\",\"inLanguage\":\"en-US\"},{\"@type\":\"WebPage\",\"@id\":\"https:\\\/\\\/tangoargentina.com.ar\\\/carlos-gardel-el-icono-inmortal-del-tango\\\/\",\"url\":\"https:\\\/\\\/tangoargentina.com.ar\\\/carlos-gardel-el-icono-inmortal-del-tango\\\/\",\"name\":\"Carlos Gardel: el \u00edcono inmortal del tango - Tango Argentina\",\"isPartOf\":{\"@id\":\"https:\\\/\\\/tangoargentina.com.ar\\\/#website\"},\"primaryImageOfPage\":{\"@id\":\"https:\\\/\\\/tangoargentina.com.ar\\\/carlos-gardel-el-icono-inmortal-del-tango\\\/#primaryimage\"},\"image\":{\"@id\":\"https:\\\/\\\/tangoargentina.com.ar\\\/carlos-gardel-el-icono-inmortal-del-tango\\\/#primaryimage\"},\"thumbnailUrl\":\"https:\\\/\\\/i0.wp.com\\\/tangoargentina.com.ar\\\/wp-content\\\/uploads\\\/2026\\\/01\\\/Carlos-Gardel-el-icono-inmortal-del-tango-argentino-tangoargentina.webp?fit=1200%2C628&ssl=1\",\"datePublished\":\"2026-01-23T02:48:45+00:00\",\"dateModified\":\"2026-01-23T02:51:30+00:00\",\"description\":\"Descubr\u00ed qui\u00e9n fue Carlos Gardel y por qu\u00e9 es el \u00edcono inmortal del tango argentino. Historia y cultura del tango en Buenos Aires.\",\"breadcrumb\":{\"@id\":\"https:\\\/\\\/tangoargentina.com.ar\\\/carlos-gardel-el-icono-inmortal-del-tango\\\/#breadcrumb\"},\"inLanguage\":\"en-US\",\"potentialAction\":[{\"@type\":\"ReadAction\",\"target\":[\"https:\\\/\\\/tangoargentina.com.ar\\\/carlos-gardel-el-icono-inmortal-del-tango\\\/\"]}]},{\"@type\":\"ImageObject\",\"inLanguage\":\"en-US\",\"@id\":\"https:\\\/\\\/tangoargentina.com.ar\\\/carlos-gardel-el-icono-inmortal-del-tango\\\/#primaryimage\",\"url\":\"https:\\\/\\\/i0.wp.com\\\/tangoargentina.com.ar\\\/wp-content\\\/uploads\\\/2026\\\/01\\\/Carlos-Gardel-el-icono-inmortal-del-tango-argentino-tangoargentina.webp?fit=1200%2C628&ssl=1\",\"contentUrl\":\"https:\\\/\\\/i0.wp.com\\\/tangoargentina.com.ar\\\/wp-content\\\/uploads\\\/2026\\\/01\\\/Carlos-Gardel-el-icono-inmortal-del-tango-argentino-tangoargentina.webp?fit=1200%2C628&ssl=1\",\"width\":1200,\"height\":628},{\"@type\":\"BreadcrumbList\",\"@id\":\"https:\\\/\\\/tangoargentina.com.ar\\\/carlos-gardel-el-icono-inmortal-del-tango\\\/#breadcrumb\",\"itemListElement\":[{\"@type\":\"ListItem\",\"position\":1,\"name\":\"Home\",\"item\":\"https:\\\/\\\/tangoargentina.com.ar\\\/\"},{\"@type\":\"ListItem\",\"position\":2,\"name\":\"Carlos Gardel: el \u00edcono inmortal del tango\"}]},{\"@type\":\"WebSite\",\"@id\":\"https:\\\/\\\/tangoargentina.com.ar\\\/#website\",\"url\":\"https:\\\/\\\/tangoargentina.com.ar\\\/\",\"name\":\"Tango Argentina\",\"description\":\"Tango en Buenos Aires\",\"publisher\":{\"@id\":\"https:\\\/\\\/tangoargentina.com.ar\\\/#organization\"},\"potentialAction\":[{\"@type\":\"SearchAction\",\"target\":{\"@type\":\"EntryPoint\",\"urlTemplate\":\"https:\\\/\\\/tangoargentina.com.ar\\\/?s={search_term_string}\"},\"query-input\":{\"@type\":\"PropertyValueSpecification\",\"valueRequired\":true,\"valueName\":\"search_term_string\"}}],\"inLanguage\":\"en-US\"},{\"@type\":\"Organization\",\"@id\":\"https:\\\/\\\/tangoargentina.com.ar\\\/#organization\",\"name\":\"Tango Argentina\",\"url\":\"https:\\\/\\\/tangoargentina.com.ar\\\/\",\"logo\":{\"@type\":\"ImageObject\",\"inLanguage\":\"en-US\",\"@id\":\"https:\\\/\\\/tangoargentina.com.ar\\\/#\\\/schema\\\/logo\\\/image\\\/\",\"url\":\"https:\\\/\\\/i0.wp.com\\\/tangoargentina.com.ar\\\/wp-content\\\/uploads\\\/2025\\\/05\\\/cropped-tango-argentina.webp?fit=379%2C215&ssl=1\",\"contentUrl\":\"https:\\\/\\\/i0.wp.com\\\/tangoargentina.com.ar\\\/wp-content\\\/uploads\\\/2025\\\/05\\\/cropped-tango-argentina.webp?fit=379%2C215&ssl=1\",\"width\":379,\"height\":215,\"caption\":\"Tango Argentina\"},\"image\":{\"@id\":\"https:\\\/\\\/tangoargentina.com.ar\\\/#\\\/schema\\\/logo\\\/image\\\/\"}},{\"@type\":\"Person\",\"@id\":\"https:\\\/\\\/tangoargentina.com.ar\\\/#\\\/schema\\\/person\\\/2bfc397a94cd976b579b0bd0a294028b\",\"name\":\"admin\",\"image\":{\"@type\":\"ImageObject\",\"inLanguage\":\"en-US\",\"@id\":\"https:\\\/\\\/secure.gravatar.com\\\/avatar\\\/d4edc5981e928a15df00f78d67c01b8fae9dd4b194edb25d1be9af1c878a2591?s=96&d=mm&r=g\",\"url\":\"https:\\\/\\\/secure.gravatar.com\\\/avatar\\\/d4edc5981e928a15df00f78d67c01b8fae9dd4b194edb25d1be9af1c878a2591?s=96&d=mm&r=g\",\"contentUrl\":\"https:\\\/\\\/secure.gravatar.com\\\/avatar\\\/d4edc5981e928a15df00f78d67c01b8fae9dd4b194edb25d1be9af1c878a2591?s=96&d=mm&r=g\",\"caption\":\"admin\"},\"sameAs\":[\"https:\\\/\\\/tangoargentina.com.ar\"]}]}<\/script>\n<!-- \/ Yoast SEO plugin. -->","yoast_head_json":{"title":"Carlos Gardel: el \u00edcono inmortal del tango - Tango Argentina","description":"Descubr\u00ed qui\u00e9n fue Carlos Gardel y por qu\u00e9 es el \u00edcono inmortal del tango argentino. Historia y cultura del tango en Buenos Aires.","robots":{"index":"index","follow":"follow","max-snippet":"max-snippet:-1","max-image-preview":"max-image-preview:large","max-video-preview":"max-video-preview:-1"},"canonical":"https:\/\/tangoargentina.com.ar\/en\/carlos-gardel-el-icono-inmortal-del-tango\/","og_locale":"en_US","og_type":"article","og_title":"Carlos Gardel: el \u00edcono inmortal del tango - Tango Argentina","og_description":"Descubr\u00ed qui\u00e9n fue Carlos Gardel y por qu\u00e9 es el \u00edcono inmortal del tango argentino. Historia y cultura del tango en Buenos Aires.","og_url":"https:\/\/tangoargentina.com.ar\/en\/carlos-gardel-el-icono-inmortal-del-tango\/","og_site_name":"Tango Argentina","article_published_time":"2026-01-23T02:48:45+00:00","article_modified_time":"2026-01-23T02:51:30+00:00","og_image":[{"width":1200,"height":628,"url":"https:\/\/tangoargentina.com.ar\/wp-content\/uploads\/2026\/01\/Carlos-Gardel-el-icono-inmortal-del-tango-argentino-tangoargentina.webp","type":"image\/webp"}],"author":"admin","twitter_card":"summary_large_image","twitter_misc":{"Written by":"admin","Est. reading time":"3 minutes"},"schema":{"@context":"https:\/\/schema.org","@graph":[{"@type":"Article","@id":"https:\/\/tangoargentina.com.ar\/carlos-gardel-el-icono-inmortal-del-tango\/#article","isPartOf":{"@id":"https:\/\/tangoargentina.com.ar\/carlos-gardel-el-icono-inmortal-del-tango\/"},"author":{"name":"admin","@id":"https:\/\/tangoargentina.com.ar\/#\/schema\/person\/2bfc397a94cd976b579b0bd0a294028b"},"headline":"Carlos Gardel: el \u00edcono inmortal del tango","datePublished":"2026-01-23T02:48:45+00:00","dateModified":"2026-01-23T02:51:30+00:00","mainEntityOfPage":{"@id":"https:\/\/tangoargentina.com.ar\/carlos-gardel-el-icono-inmortal-del-tango\/"},"wordCount":489,"publisher":{"@id":"https:\/\/tangoargentina.com.ar\/#organization"},"image":{"@id":"https:\/\/tangoargentina.com.ar\/carlos-gardel-el-icono-inmortal-del-tango\/#primaryimage"},"thumbnailUrl":"https:\/\/i0.wp.com\/tangoargentina.com.ar\/wp-content\/uploads\/2026\/01\/Carlos-Gardel-el-icono-inmortal-del-tango-argentino-tangoargentina.webp?fit=1200%2C628&ssl=1","inLanguage":"en-US"},{"@type":"WebPage","@id":"https:\/\/tangoargentina.com.ar\/carlos-gardel-el-icono-inmortal-del-tango\/","url":"https:\/\/tangoargentina.com.ar\/carlos-gardel-el-icono-inmortal-del-tango\/","name":"Carlos Gardel: el \u00edcono inmortal del tango - Tango Argentina","isPartOf":{"@id":"https:\/\/tangoargentina.com.ar\/#website"},"primaryImageOfPage":{"@id":"https:\/\/tangoargentina.com.ar\/carlos-gardel-el-icono-inmortal-del-tango\/#primaryimage"},"image":{"@id":"https:\/\/tangoargentina.com.ar\/carlos-gardel-el-icono-inmortal-del-tango\/#primaryimage"},"thumbnailUrl":"https:\/\/i0.wp.com\/tangoargentina.com.ar\/wp-content\/uploads\/2026\/01\/Carlos-Gardel-el-icono-inmortal-del-tango-argentino-tangoargentina.webp?fit=1200%2C628&ssl=1","datePublished":"2026-01-23T02:48:45+00:00","dateModified":"2026-01-23T02:51:30+00:00","description":"Descubr\u00ed qui\u00e9n fue Carlos Gardel y por qu\u00e9 es el \u00edcono inmortal del tango argentino. Historia y cultura del tango en Buenos Aires.","breadcrumb":{"@id":"https:\/\/tangoargentina.com.ar\/carlos-gardel-el-icono-inmortal-del-tango\/#breadcrumb"},"inLanguage":"en-US","potentialAction":[{"@type":"ReadAction","target":["https:\/\/tangoargentina.com.ar\/carlos-gardel-el-icono-inmortal-del-tango\/"]}]},{"@type":"ImageObject","inLanguage":"en-US","@id":"https:\/\/tangoargentina.com.ar\/carlos-gardel-el-icono-inmortal-del-tango\/#primaryimage","url":"https:\/\/i0.wp.com\/tangoargentina.com.ar\/wp-content\/uploads\/2026\/01\/Carlos-Gardel-el-icono-inmortal-del-tango-argentino-tangoargentina.webp?fit=1200%2C628&ssl=1","contentUrl":"https:\/\/i0.wp.com\/tangoargentina.com.ar\/wp-content\/uploads\/2026\/01\/Carlos-Gardel-el-icono-inmortal-del-tango-argentino-tangoargentina.webp?fit=1200%2C628&ssl=1","width":1200,"height":628},{"@type":"BreadcrumbList","@id":"https:\/\/tangoargentina.com.ar\/carlos-gardel-el-icono-inmortal-del-tango\/#breadcrumb","itemListElement":[{"@type":"ListItem","position":1,"name":"Home","item":"https:\/\/tangoargentina.com.ar\/"},{"@type":"ListItem","position":2,"name":"Carlos Gardel: el \u00edcono inmortal del tango"}]},{"@type":"WebSite","@id":"https:\/\/tangoargentina.com.ar\/#website","url":"https:\/\/tangoargentina.com.ar\/","name":"Tango Argentina","description":"Tango in Buenos Aires","publisher":{"@id":"https:\/\/tangoargentina.com.ar\/#organization"},"potentialAction":[{"@type":"SearchAction","target":{"@type":"EntryPoint","urlTemplate":"https:\/\/tangoargentina.com.ar\/?s={search_term_string}"},"query-input":{"@type":"PropertyValueSpecification","valueRequired":true,"valueName":"search_term_string"}}],"inLanguage":"en-US"},{"@type":"Organization","@id":"https:\/\/tangoargentina.com.ar\/#organization","name":"Tango Argentina","url":"https:\/\/tangoargentina.com.ar\/","logo":{"@type":"ImageObject","inLanguage":"en-US","@id":"https:\/\/tangoargentina.com.ar\/#\/schema\/logo\/image\/","url":"https:\/\/i0.wp.com\/tangoargentina.com.ar\/wp-content\/uploads\/2025\/05\/cropped-tango-argentina.webp?fit=379%2C215&ssl=1","contentUrl":"https:\/\/i0.wp.com\/tangoargentina.com.ar\/wp-content\/uploads\/2025\/05\/cropped-tango-argentina.webp?fit=379%2C215&ssl=1","width":379,"height":215,"caption":"Tango Argentina"},"image":{"@id":"https:\/\/tangoargentina.com.ar\/#\/schema\/logo\/image\/"}},{"@type":"Person","@id":"https:\/\/tangoargentina.com.ar\/#\/schema\/person\/2bfc397a94cd976b579b0bd0a294028b","name":"admin","image":{"@type":"ImageObject","inLanguage":"en-US","@id":"https:\/\/secure.gravatar.com\/avatar\/d4edc5981e928a15df00f78d67c01b8fae9dd4b194edb25d1be9af1c878a2591?s=96&d=mm&r=g","url":"https:\/\/secure.gravatar.com\/avatar\/d4edc5981e928a15df00f78d67c01b8fae9dd4b194edb25d1be9af1c878a2591?s=96&d=mm&r=g","contentUrl":"https:\/\/secure.gravatar.com\/avatar\/d4edc5981e928a15df00f78d67c01b8fae9dd4b194edb25d1be9af1c878a2591?s=96&d=mm&r=g","caption":"admin"},"sameAs":["https:\/\/tangoargentina.com.ar"]}]}},"jetpack_featured_media_url":"https:\/\/i0.wp.com\/tangoargentina.com.ar\/wp-content\/uploads\/2026\/01\/Carlos-Gardel-el-icono-inmortal-del-tango-argentino-tangoargentina.webp?fit=1200%2C628&ssl=1","jetpack_sharing_enabled":true,"_links":{"self":[{"href":"https:\/\/tangoargentina.com.ar\/en\/wp-json\/wp\/v2\/posts\/2125","targetHints":{"allow":["GET"]}}],"collection":[{"href":"https:\/\/tangoargentina.com.ar\/en\/wp-json\/wp\/v2\/posts"}],"about":[{"href":"https:\/\/tangoargentina.com.ar\/en\/wp-json\/wp\/v2\/types\/post"}],"author":[{"embeddable":true,"href":"https:\/\/tangoargentina.com.ar\/en\/wp-json\/wp\/v2\/users\/1"}],"replies":[{"embeddable":true,"href":"https:\/\/tangoargentina.com.ar\/en\/wp-json\/wp\/v2\/comments?post=2125"}],"version-history":[{"count":5,"href":"https:\/\/tangoargentina.com.ar\/en\/wp-json\/wp\/v2\/posts\/2125\/revisions"}],"predecessor-version":[{"id":2132,"href":"https:\/\/tangoargentina.com.ar\/en\/wp-json\/wp\/v2\/posts\/2125\/revisions\/2132"}],"wp:featuredmedia":[{"embeddable":true,"href":"https:\/\/tangoargentina.com.ar\/en\/wp-json\/wp\/v2\/media\/2134"}],"wp:attachment":[{"href":"https:\/\/tangoargentina.com.ar\/en\/wp-json\/wp\/v2\/media?parent=2125"}],"wp:term":[{"taxonomy":"category","embeddable":true,"href":"https:\/\/tangoargentina.com.ar\/en\/wp-json\/wp\/v2\/categories?post=2125"},{"taxonomy":"post_tag","embeddable":true,"href":"https:\/\/tangoargentina.com.ar\/en\/wp-json\/wp\/v2\/tags?post=2125"}],"curies":[{"name":"wp","href":"https:\/\/api.w.org\/{rel}","templated":true}]}}